{"id":301,"date":"2022-06-29T23:38:08","date_gmt":"2022-06-30T02:38:08","guid":{"rendered":"https:\/\/silvestricontabilidade.com.br\/blog\/?p=301"},"modified":"2022-06-29T23:38:09","modified_gmt":"2022-06-30T02:38:09","slug":"recessao-global-e-inevitavel-o-que-pensam-4-economistas-e-qual-o-reflexo-no-seu-negocio","status":"publish","type":"post","link":"https:\/\/silvestricontabilidade.com.br\/blog\/recessao-global-e-inevitavel-o-que-pensam-4-economistas-e-qual-o-reflexo-no-seu-negocio\/","title":{"rendered":"Recess\u00e3o Global \u00e9 Inevit\u00e1vel? O que pensam 4 economistas e Qual o Reflexo no Seu Neg\u00f3cio?"},"content":{"rendered":"\n<p>A profus\u00e3o de est\u00edmulos econ\u00f4micos durante a pandemia, os gargalos nas cadeias de suprimentos decorrentes das restri\u00e7\u00f5es na China e a invas\u00e3o da Ucr\u00e2nia pela R\u00fassia, entre outros fatores, levaram a infla\u00e7\u00e3o mundial a n\u00edveis n\u00e3o vistos em d\u00e9cadas.<\/p>\n\n\n\n<p>Para cont\u00ea-la, os bancos centrais aumentam as taxas de juros, enquanto os mercados de a\u00e7\u00f5es reagem com quedas prolongadas, que refletem a pouca f\u00e9 dos investidores no que vem pela frente.<\/p>\n\n\n\n<p>E o que nos espera \u00e9, segundo diversos especialistas, uma recess\u00e3o: uma depress\u00e3o nas atividades econ\u00f4micas que se traduz em queda do PIB (Produto Interno Bruto, soma de bens e servi\u00e7os).<\/p>\n\n\n\n<p>Em geral, ap\u00f3s dois trimestres consecutivos de contra\u00e7\u00e3o do PIB, os economistas consideram que a economia est\u00e1 em &#8220;recess\u00e3o t\u00e9cnica&#8221;.<\/p>\n\n\n\n<p>Sete em cada 10 economistas nos Estados Unidos acreditam que isso acontecer\u00e1 neste ou no pr\u00f3ximo ano, de acordo com pesquisa recente do jornal brit\u00e2nico Financial Times e da Escola de Neg\u00f3cios Booth da Universidade de Chicago (EUA).<\/p>\n\n\n\n<p>A sondagem foi realizada no in\u00edcio de junho, antes da \u00faltima semana de forte queda das a\u00e7\u00f5es (entre 6 e 10 de junho) e do novo aumento de juros pelos bancos centrais mundiais, portanto, \u00e9 prov\u00e1vel que essa propor\u00e7\u00e3o tenha aumentado.<\/p>\n\n\n\n<p>Entrar em recess\u00e3o tem consequ\u00eancias amargas: o colapso do investimento, consumo e transa\u00e7\u00f5es causa fechamento de neg\u00f3cios, perdas massivas de empregos e incapacidade de pagar d\u00edvidas que pode levar muitos \u00e0 fal\u00eancia.<\/p>\n\n\n\n<p>A BBC News Mundo, o servi\u00e7o de not\u00edcias em espanhol da BBC, perguntou a quatro importantes economistas se eles acreditam que haver\u00e1 uma recess\u00e3o nos EUA e no mundo em um futuro pr\u00f3ximo. Confira o que eles disseram.<\/p>\n\n\n\n<p><strong>&#8216;Em 2023, com 65% de probabilidade&#8217;<\/strong><\/p>\n\n\n\n<p>David Wessel, diretor do Centro Hutchins de Pol\u00edtica Fiscal e Monet\u00e1ria da Brookings Institution (Washington D.C.)<\/p>\n\n\n\n<p>&#8220;Prever recess\u00f5es \u00e9 um exerc\u00edcio dif\u00edcil. Elas geralmente resultam de choques inesperados e, \u00e0s vezes, depress\u00f5es econ\u00f4micas que os especialistas preveem com total certeza mais tarde n\u00e3o acontecem.<\/p>\n\n\n\n<p>No entanto, vejo uma chance significativa de uma recess\u00e3o nos Estados Unidos, com cerca de 65% de probabilidade, em 2023.<\/p>\n\n\n\n<p>O motivo? O presidente do Fed (Federal Reserve, o banco central americano) Jerome Powell n\u00e3o quer que seu legado destrua o progresso que seus antecessores conquistaram, de reduzir a infla\u00e7\u00e3o americana e mant\u00ea-la em n\u00edveis baixos.<\/p>\n\n\n\n<p>Por ora, o Fed claramente precisa aumentar as taxas de juros para desacelerar a demanda, aliviar a press\u00e3o de alta sobre os pre\u00e7os e impedir que a psicologia inflacion\u00e1ria [estado mental que leva consumidores a antecipar compras, prevendo aumento dos pre\u00e7os] se estabele\u00e7a.<\/p>\n\n\n\n<p>No entanto, em algum momento o Fed ser\u00e1 confrontado com decis\u00f5es muito mais dif\u00edceis, seja para continuar aumentando as taxas ou congel\u00e1-las, \u00e0 medida em que a economia desacelerar e a infla\u00e7\u00e3o diminuir, mas sem alcan\u00e7ar a meta de 2%.<\/p>\n\n\n\n<p>Haver\u00e1 bons argumentos para qualquer uma das op\u00e7\u00f5es. Prevejo que o Fed de Powell errar\u00e1 pelo excesso no aperto monet\u00e1rio em vez de afrouxar e, portanto, \u00e9 prov\u00e1vel uma recess\u00e3o, mas moderada.<\/p>\n\n\n\n<p>Espero estar errado, que todos os problemas nas cadeias de suprimentos globais sejam resolvidos, que os efeitos econ\u00f4micos persistentes da covid-19 se esgotem e que n\u00f3s (e o Fed) tenhamos a boa sorte de que necessitamos.<\/p>\n\n\n\n<p>Mas n\u00e3o acredito que esse seja o resultado mais prov\u00e1vel.&#8221;<\/p>\n\n\n\n<p><strong>&#8216;In\u00edcio do pr\u00f3ximo ano&#8217;<\/strong><\/p>\n\n\n\n<p>Gabriel Gasave, pesquisador associado do Centro para Prosperidade Global do Instituto Independente e diretor do elindependent.org (Oakland, Calif\u00f3rnia)<\/p>\n\n\n\n<p>&#8220;Me atrevo a dizer que em algum momento, possivelmente no in\u00edcio de 2023, enfrentaremos um processo recessivo importante, tanto na Europa, quanto nos Estados Unidos.<\/p>\n\n\n\n<p>N\u00e3o ser\u00e1 por causa da pandemia, das interrup\u00e7\u00f5es nas cadeias de suprimentos, da invas\u00e3o russa \u00e0 Ucr\u00e2nia, da escassez de alimentos e do encarecimento da energia.<\/p>\n\n\n\n<p>Ser\u00e1 basicamente pelo fato de que, para colocar nos termos da Escola Austr\u00edaca de Economia [linha de pensamento econ\u00f4mico liberal surgida em Viena, no s\u00e9culo 19], o processo de excesso de liquidez impulsionado pelos governos mediante uma forte expans\u00e3o monet\u00e1ria chegar\u00e1 ao fim. Ou o &#8216;boom&#8217; terminar\u00e1 e vir\u00e1 a depress\u00e3o<\/p>\n\n\n\n<p>O Hemisf\u00e9rio Norte, com a chegada do ver\u00e3o e as festas de fim de ano, continuar\u00e1 por ora com um n\u00edvel de atividade razo\u00e1vel.<\/p>\n\n\n\n<p>As pessoas v\u00e3o viajar, gastar e muitos desfrutar\u00e3o de benef\u00edcios financeiros distribu\u00eddos por governos \u00e0 esquerda e \u00e0 direita durante a pandemia e campanhas eleitorais.<\/p>\n\n\n\n<p>Mas as festas n\u00e3o duram para sempre, assim como nenhum atleta de elite pode atuar continuamente sob efeito de doping.<\/p>\n\n\n\n<p>Em algum momento, as coisas devem voltar ao que eram antes, \u00e0 realidade, o que muitos economistas chamam de depress\u00e3o, quando, na verdade, \u00e9 um retorno \u00e0 ordem natural das coisas.<\/p>\n\n\n\n<p>Tamb\u00e9m \u00e9 certo que, como os rendimentos da d\u00edvida americana est\u00e3o agora aumentando [devido \u00e0 alta de juros pelo Fed], os capitais internacionais ter\u00e3o uma atra\u00e7\u00e3o maior para retornar aos Estados Unidos.<\/p>\n\n\n\n<p>Portanto, temos que ver em que medida os fluxos de capital global que chegam, juntamente com a valoriza\u00e7\u00e3o do d\u00f3lar e a desvaloriza\u00e7\u00e3o do restante das moedas, afetam o n\u00edvel de atividade interna [dos EUA].&#8221;<\/p>\n\n\n\n<p><strong>&#8216;Provavelmente no final deste ano&#8217;<\/strong><\/p>\n\n\n\n<p>Lindsey Piegza, economista-chefe e diretora-executiva da Stifel Financial (Chicago)<\/p>\n\n\n\n<p>&#8220;O Federal Reserve renovou e aumentou seu compromisso com o controle da infla\u00e7\u00e3o, elevando as taxas de juros em 0,75 ponto percentual em junho e colocando na mesa um poss\u00edvel novo aumento de mais 0,75 ponto para julho.<\/p>\n\n\n\n<p>Embora o presidente americano Joe Biden tenha declarado recentemente que o Fed n\u00e3o est\u00e1 tentando induzir uma recess\u00e3o, essa r\u00e1pida alta dos juros quase certamente produzir\u00e1, provavelmente at\u00e9 o final deste ano, uma queda do PIB na melhor das hip\u00f3teses, ou estagfla\u00e7\u00e3o [combina\u00e7\u00e3o de estagna\u00e7\u00e3o econ\u00f4mica ou recess\u00e3o com infla\u00e7\u00e3o alta] na pior.<\/p>\n\n\n\n<p>Os consumidores ainda sofrem com pre\u00e7os altos, pois as cadeias de suprimentos continuam afetadas e os conflitos no exterior persistem. E, agora que o Fed est\u00e1 aumentando as taxas a um ritmo proposto em torno de 4%, ou talvez mais, tamb\u00e9m devem lidar com os efeitos de uma economia mais fraca.<\/p>\n\n\n\n<p>A estrat\u00e9gia de aumento acelerado das taxas resultar\u00e1 em um custo significativo para o cidad\u00e3o m\u00e9dio e para a economia dos EUA de forma mais ampla, com impacto limitado sobre as press\u00f5es [inflacion\u00e1rias] do lado da oferta.<\/p>\n\n\n\n<p>No final das contas, elevar o custo de capital reduz consumo e investimento, o que alivia as press\u00f5es do lado da demanda \u2014 isso j\u00e1 acontece e se manifesta em um ritmo decrescente de vendas \u2014 mas dificilmente consegue corrigir as restri\u00e7\u00f5es do lado da oferta em decorr\u00eancia das consequ\u00eancias da covid-19 ou de um conflito internacional.&#8221;<\/p>\n\n\n\n<p><strong>&#8216;Pode n\u00e3o acontecer&#8217;<\/strong><\/p>\n\n\n\n<p>Andr\u00e9s Moreno Jaramillo, economista, consultor financeiro independente e analista do mercado de a\u00e7\u00f5es (Bogot\u00e1, Col\u00f4mbia)<\/p>\n\n\n\n<p>&#8220;Alguns economistas veem que os juros est\u00e3o subindo, que estamos saindo de uma queda muito forte com recess\u00e3o, e acreditam que esse ciclo vai voltar. Claro que \u00e9 poss\u00edvel, mas \u00e0 medida que a geopol\u00edtica n\u00e3o piore com mais conflitos, mais guerras, mais escassez, mais covid, pode n\u00e3o haver recess\u00e3o.<\/p>\n\n\n\n<p>Ainda n\u00e3o se sabe. Precisamente, os Estados Unidos demoraram muito tempo para aumentar suas taxas de juros para n\u00e3o causar uma recess\u00e3o. Essas taxas de juros em alta em um momento em que a economia est\u00e1 muito aquecida podem gerar uma pequena recess\u00e3o.<\/p>\n\n\n\n<p>Se uma recess\u00e3o chegar a acontecer, seria muito leve e acredito que eles v\u00e3o acionar todos os mecanismos para que isso n\u00e3o ocorra. H\u00e1 muitos eventos, muitos fatos geopol\u00edticos que podem mudar qualquer previs\u00e3o econ\u00f4mica, por isso \u00e9 preciso ser muito cauteloso.<\/p>\n\n\n\n<p>A economia dos pa\u00edses se move em ciclos. Tanto as taxas de juros quanto as recess\u00f5es econ\u00f4micas fazem parte desses ciclos, o que n\u00e3o \u00e9 grave enquanto houver uma volatilidade pouco acentuada.<\/p>\n\n\n\n<p>\u00c9 para isso que servem os bancos centrais e a pol\u00edtica econ\u00f4mica: para que todos esses ciclos aconte\u00e7am e a economia n\u00e3o cres\u00e7a muito porque pode gerar infla\u00e7\u00e3o, nem caia muito porque pode gerar desemprego, depress\u00e3o e outras consequ\u00eancias.<\/p>\n\n\n\n<p>O que acabamos de vivenciar com a covid-19 \u00e9 algo novo no mundo. Quase todos os pa\u00edses tiveram retra\u00e7\u00e3o econ\u00f4mica e a recupera\u00e7\u00e3o traz fortes altos e baixos; \u00e9 de volatilidade que estamos falando, mas ela tem diminu\u00eddo gradativamente.<\/p>\n\n\n\n<p>Acredito que o pior j\u00e1 passou e os EUA est\u00e3o enfrentando, como todo mundo, a infla\u00e7\u00e3o, e [o combate a] essa infla\u00e7\u00e3o tem que frear um pouco o crescimento e desaceler\u00e1-lo um tanto, mesmo que com isso o PIB registre cifras negativas. Isso n\u00e3o \u00e9 t\u00e3o ruim.&#8221;<\/p>\n\n\n\n<p>Fonte: \u00c9poca Neg\u00f3cios<\/p>\n","protected":false},"excerpt":{"rendered":"<p>A profus\u00e3o de est\u00edmulos econ\u00f4micos durante a pandemia, os gargalos nas cadeias de suprimentos decorrentes das restri\u00e7\u00f5es na China e a invas\u00e3o da Ucr\u00e2nia pela R\u00fassia, entre outros fatores, levaram a infla\u00e7\u00e3o mundial a n\u00edveis n\u00e3o vistos em d\u00e9cadas. Para cont\u00ea-la, os bancos centrais aumentam as taxas de juros, enquanto os mercados de a\u00e7\u00f5es reagem [&hellip;]<\/p>\n","protected":false},"author":1,"featured_media":302,"comment_status":"open","ping_status":"open","sticky":false,"template":"","format":"standard","meta":[],"categories":[1],"tags":[],"_links":{"self":[{"href":"https:\/\/silvestricontabilidade.com.br\/blog\/wp-json\/wp\/v2\/posts\/301"}],"collection":[{"href":"https:\/\/silvestricontabilidade.com.br\/blog\/wp-json\/wp\/v2\/posts"}],"about":[{"href":"https:\/\/silvestricontabilidade.com.br\/blog\/wp-json\/wp\/v2\/types\/post"}],"author":[{"embeddable":true,"href":"https:\/\/silvestricontabilidade.com.br\/blog\/wp-json\/wp\/v2\/users\/1"}],"replies":[{"embeddable":true,"href":"https:\/\/silvestricontabilidade.com.br\/blog\/wp-json\/wp\/v2\/comments?post=301"}],"version-history":[{"count":1,"href":"https:\/\/silvestricontabilidade.com.br\/blog\/wp-json\/wp\/v2\/posts\/301\/revisions"}],"predecessor-version":[{"id":303,"href":"https:\/\/silvestricontabilidade.com.br\/blog\/wp-json\/wp\/v2\/posts\/301\/revisions\/303"}],"wp:featuredmedia":[{"embeddable":true,"href":"https:\/\/silvestricontabilidade.com.br\/blog\/wp-json\/wp\/v2\/media\/302"}],"wp:attachment":[{"href":"https:\/\/silvestricontabilidade.com.br\/blog\/wp-json\/wp\/v2\/media?parent=301"}],"wp:term":[{"taxonomy":"category","embeddable":true,"href":"https:\/\/silvestricontabilidade.com.br\/blog\/wp-json\/wp\/v2\/categories?post=301"},{"taxonomy":"post_tag","embeddable":true,"href":"https:\/\/silvestricontabilidade.com.br\/blog\/wp-json\/wp\/v2\/tags?post=301"}],"curies":[{"name":"wp","href":"https:\/\/api.w.org\/{rel}","templated":true}]}}