{"id":323,"date":"2022-09-15T08:46:48","date_gmt":"2022-09-15T11:46:48","guid":{"rendered":"https:\/\/silvestricontabilidade.com.br\/blog\/?p=323"},"modified":"2022-09-15T08:46:50","modified_gmt":"2022-09-15T11:46:50","slug":"por-que-eu-preciso-de-um-contador","status":"publish","type":"post","link":"https:\/\/silvestricontabilidade.com.br\/blog\/por-que-eu-preciso-de-um-contador\/","title":{"rendered":"\u00a0Por Que Eu Preciso de Um Contador?"},"content":{"rendered":"\n<p>Avaliar e resolver quest\u00f5es financeiras, tribut\u00e1rias, econ\u00f4micas e patrimoniais de uma de pessoa f\u00edsica ou jur\u00eddica \u00e9 responsabilidade de um contador. Em s\u00edntese, o contador \u00e9 respons\u00e1vel pela sa\u00fade financeira de uma organiza\u00e7\u00e3o, seja ela p\u00fablica, privada ou sem fins lucrativos. Esse profissional n\u00e3o pode e n\u00e3o deve ser visto como um custo adicional ou desnecess\u00e1rio para as empresas.<\/p>\n\n\n\n<p>Uma das principais raz\u00f5es para procurar o servi\u00e7o de um contador \u00e9 para evitar erros e descobrir se a gest\u00e3o da sua empresa est\u00e1 no caminho certo, tanto com rela\u00e7\u00e3o \u00e0 burocracia quanto para melhorar o aspecto financeiro.<\/p>\n\n\n\n<p>\u00c9 esse profissional quem vai cuidar das obriga\u00e7\u00f5es de sua empresa, de maneira r\u00e1pida e descomplicada, apontando solu\u00e7\u00f5es para o crescimento do seu neg\u00f3cio. Al\u00e9m de ter um papel importante para quem est\u00e1 iniciando a alavancar seu neg\u00f3cio, uma vez que os processos financeiros e cont\u00e1beis s\u00e3o novidades para o empreendedor rec\u00e9m-formalizado.<\/p>\n\n\n\n<p>As atribui\u00e7\u00f5es do contador ficam gradualmente distante daquele papel que domina o imagin\u00e1rio popular no meio empresarial: o do burocrata, gerador de guias, respons\u00e1vel pela parte chata do neg\u00f3cio.<\/p>\n\n\n\n<p>Entre as atividades nas quais o apoio t\u00e9cnico de um contabilista \u00e9 fundamental est\u00e3o:<\/p>\n\n\n\n<ul><li>Abertura e encerramento de empresas<\/li><li>Escritura\u00e7\u00e3o fiscal<\/li><li>Planejamento tribut\u00e1rio<\/li><li>Balan\u00e7os, fluxos de caixas, controle de or\u00e7amentos<\/li><li>Declara\u00e7\u00e3o de imposto de renda<\/li><li>Assessoria financeira<\/li><li>Diferen\u00e7a entre valor e pre\u00e7o<\/li><\/ul>\n\n\n\n<p>O valor que um escrit\u00f3rio de contabilidade ir\u00e1 agregar ao seu neg\u00f3cio pode ser decisivo n\u00e3o s\u00f3 para viabilizar oportunidades de crescimento como para a pr\u00f3pria sobreviv\u00eancia da sua empresa, principalmente, neste momento de instabilidade econ\u00f4mica em meio ao transcorrer da pandemia provocada pelo Coronav\u00edrus e, ainda, \u00e0s v\u00e9speras das elei\u00e7\u00f5es para presidente.<\/p>\n\n\n\n<p>Embora a legisla\u00e7\u00e3o brasileira n\u00e3o obriga o empres\u00e1rio ter um contador em sua equipe ou contratar um escrit\u00f3rio de contabilidade, o contador pode auxiliar em muito na organiza\u00e7\u00e3o da empresa e na diminui\u00e7\u00e3o dos riscos. Nessa rela\u00e7\u00e3o, confian\u00e7a \u00e9 tudo.<\/p>\n\n\n\n<p>A fim de contratar um bom profissional para confiar o financeiro de sua empresa \u00e9 importante se atentar se ele tem o registro ativo no Conselho Regional de Contabilidade (CRC).<\/p>\n\n\n\n<p><strong>Parceria de Sucesso<\/strong><\/p>\n\n\n\n<p>A parceria com um contador evidenciar\u00e1 a diferen\u00e7a entre valor e pre\u00e7o. Voc\u00ea, empres\u00e1rio, comprovar\u00e1 a import\u00e2ncia de contar com um especialista em contabilidade \u00e0 medida que descobrir\u00e1 respostas para quest\u00f5es como:<\/p>\n\n\n\n<ul><li>Quanto vale a organiza\u00e7\u00e3o financeira proporcionada a partir de um conhecimento t\u00e9cnico?<\/li><li>Qual o pre\u00e7o do planejamento tribut\u00e1rio que resultar\u00e1 em economia?<\/li><li>E da proje\u00e7\u00e3o do fluxo de caixa que pode possibilitar reinvestir no neg\u00f3cio?<\/li><\/ul>\n\n\n\n<p>Os servi\u00e7os de um contador proporcionar\u00e3o solu\u00e7\u00f5es em um mercado de trabalho cada dia mais acirrado, contribuindo em detalhes que podem fazer toda a diferen\u00e7a para o sucesso da sua empresa.<\/p>\n\n\n\n<p>Fonte: Lu\u00eds Ricardo Baruffi\/Cont\u00e1beis<\/p>\n","protected":false},"excerpt":{"rendered":"<p>Avaliar e resolver quest\u00f5es financeiras, tribut\u00e1rias, econ\u00f4micas e patrimoniais de uma de pessoa f\u00edsica ou jur\u00eddica \u00e9 responsabilidade de um contador. Em s\u00edntese, o contador \u00e9 respons\u00e1vel pela sa\u00fade financeira de uma organiza\u00e7\u00e3o, seja ela p\u00fablica, privada ou sem fins lucrativos. Esse profissional n\u00e3o pode e n\u00e3o deve ser visto como um custo adicional ou [&hellip;]<\/p>\n","protected":false},"author":1,"featured_media":325,"comment_status":"open","ping_status":"open","sticky":false,"template":"","format":"standard","meta":[],"categories":[1],"tags":[],"_links":{"self":[{"href":"https:\/\/silvestricontabilidade.com.br\/blog\/wp-json\/wp\/v2\/posts\/323"}],"collection":[{"href":"https:\/\/silvestricontabilidade.com.br\/blog\/wp-json\/wp\/v2\/posts"}],"about":[{"href":"https:\/\/silvestricontabilidade.com.br\/blog\/wp-json\/wp\/v2\/types\/post"}],"author":[{"embeddable":true,"href":"https:\/\/silvestricontabilidade.com.br\/blog\/wp-json\/wp\/v2\/users\/1"}],"replies":[{"embeddable":true,"href":"https:\/\/silvestricontabilidade.com.br\/blog\/wp-json\/wp\/v2\/comments?post=323"}],"version-history":[{"count":1,"href":"https:\/\/silvestricontabilidade.com.br\/blog\/wp-json\/wp\/v2\/posts\/323\/revisions"}],"predecessor-version":[{"id":326,"href":"https:\/\/silvestricontabilidade.com.br\/blog\/wp-json\/wp\/v2\/posts\/323\/revisions\/326"}],"wp:featuredmedia":[{"embeddable":true,"href":"https:\/\/silvestricontabilidade.com.br\/blog\/wp-json\/wp\/v2\/media\/325"}],"wp:attachment":[{"href":"https:\/\/silvestricontabilidade.com.br\/blog\/wp-json\/wp\/v2\/media?parent=323"}],"wp:term":[{"taxonomy":"category","embeddable":true,"href":"https:\/\/silvestricontabilidade.com.br\/blog\/wp-json\/wp\/v2\/categories?post=323"},{"taxonomy":"post_tag","embeddable":true,"href":"https:\/\/silvestricontabilidade.com.br\/blog\/wp-json\/wp\/v2\/tags?post=323"}],"curies":[{"name":"wp","href":"https:\/\/api.w.org\/{rel}","templated":true}]}}