{"id":384,"date":"2023-03-31T20:09:16","date_gmt":"2023-03-31T23:09:16","guid":{"rendered":"https:\/\/silvestricontabilidade.com.br\/blog\/?p=384"},"modified":"2023-03-31T21:59:05","modified_gmt":"2023-04-01T00:59:05","slug":"incoerencia-na-declaracao-irpf-2023-ostentacao-em-redes-sociais-pode-ser-alvo-de-checagem-pela-receita-federal","status":"publish","type":"post","link":"https:\/\/silvestricontabilidade.com.br\/blog\/incoerencia-na-declaracao-irpf-2023-ostentacao-em-redes-sociais-pode-ser-alvo-de-checagem-pela-receita-federal\/","title":{"rendered":"INCOER\u00caNCIA NA DECLARA\u00c7\u00c3O &#8211; IRPF 2023: Ostenta\u00e7\u00e3o em Redes Sociais Pode Ser Alvo de Checagem pela Receita Federal"},"content":{"rendered":"\n<p>Com o in\u00edcio da declara\u00e7\u00e3o do Imposto de Renda Pessoa F\u00edsica (IRPF) 2023 no dia 15 de mar\u00e7o e todas as novidades j\u00e1 implementadas pela Receita Federal para este ano, como a declara\u00e7\u00e3o pr\u00e9-preenchida para mitigar erros, a autarquia est\u00e1 buscando melhorar a rela\u00e7\u00e3o com os declarantes, al\u00e9m de facilitar o envio do IRPF.&nbsp;<\/p>\n\n\n\n<p>Mesmo assim, os contribuintes devem estar atentos a outros aspectos da declara\u00e7\u00e3o, como o risco de ser pego pelo le\u00e3o por ostenta\u00e7\u00e3o nas redes sociais. A conduta n\u00e3o \u00e9 proibida, mas \u00e9 preciso que a declara\u00e7\u00e3o retrate a realidade.&nbsp;<\/p>\n\n\n\n<p>\u201cOs fiscais da Receita Federal cruzam as informa\u00e7\u00f5es dos bens declarados com as postagens nas redes sociais. Se elas demonstram uma vida de luxo que n\u00e3o condiz com o que foi declarado, o contribuinte \u00e9 fiscalizado pela Receita Federal.&nbsp; O fato \u00e9 que a maioria das pessoas n\u00e3o faz ideia que esse tipo de checagem pode ocorrer\u201d, explica o presidente do Conselho Regional de Contabilidade do Rio de Janeiro (CRCRJ), Samir Nehme.<\/p>\n\n\n\n<p>A checagem \u00e9 realizada no momento em que as informa\u00e7\u00f5es enviadas pelos contribuintes nas declara\u00e7\u00f5es s\u00e3o processadas por supercomputadores. A ferramenta \u00e9 respons\u00e1vel por cruzar os dados, incluindo opera\u00e7\u00f5es de cart\u00e3o de cr\u00e9dito ou imobili\u00e1rias e movimenta\u00e7\u00f5es financeiras, e apontar as contradi\u00e7\u00f5es quando houver.<\/p>\n\n\n\n<p>Os perfis analisados n\u00e3o s\u00e3o escolhidos aleatoriamente. Depois que o sistema acusa casos com poss\u00edveis inconsist\u00eancias, os fiscais da Receita comparam as informa\u00e7\u00f5es prestadas pelo contribuinte com o que ele publica nas redes sociais. Principalmente as postagens que incluem bens materiais s\u00e3o comprovantes para alegar que a declara\u00e7\u00e3o condiz ou n\u00e3o com a realidade.&nbsp;&nbsp;<\/p>\n\n\n\n<p>&#8220;Uma vez que cai na malha fina, a Receita Federal solicita explica\u00e7\u00f5es ao contribuinte. O ato de n\u00e3o pagar o tributo, em si, n\u00e3o representa sonega\u00e7\u00e3o de impostos, que \u00e9 crime previsto na Lei 9.137\/90, mas sim quando demonstrada fraude, como, por exemplo, adultera\u00e7\u00e3o de valores em documentos combinado ao n\u00e3o pagamento do imposto devido&#8221;, complementa Nehme.&nbsp;<\/p>\n\n\n\n<p>Se identificada a sonega\u00e7\u00e3o, al\u00e9m da cobran\u00e7a do tributo e multa &#8211; que pode chegar a 225% sobre o valor do imposto devido -, a acusa\u00e7\u00e3o criminal \u00e9 comunicada ao Minist\u00e9rio P\u00fablico, podendo, em caso de sonega\u00e7\u00e3o, gerar pris\u00e3o de dois a oito anos.<\/p>\n\n\n\n<p><strong>Como evitar a malha fina do IRPF<\/strong><\/p>\n\n\n\n<p>Existem tr\u00eas principais raz\u00f5es para cair em malha fina: a primeira \u00e9 omiss\u00e3o de informa\u00e7\u00f5es sobre rendimentos. Em segundo lugar, a dedu\u00e7\u00e3o indevida de previd\u00eancia oficial ou privada, seguida por incompatibilidade entre valores com despesas m\u00e9dicas e receitas declaradas.&nbsp;<\/p>\n\n\n\n<p>Em terceiro, os casos menos frequentes, mas que tamb\u00e9m merecem aten\u00e7\u00e3o: informa\u00e7\u00f5es divergentes das fontes pagadoras, comiss\u00e3o de rendimentos de alugu\u00e9is e pens\u00e3o aliment\u00edcia com ind\u00edcios de falsidade.<\/p>\n\n\n\n<p>Fonte: <small>&nbsp;Cont\u00e1beis<\/small><\/p>\n","protected":false},"excerpt":{"rendered":"<p>Com o in\u00edcio da declara\u00e7\u00e3o do Imposto de Renda Pessoa F\u00edsica (IRPF) 2023 no dia 15 de mar\u00e7o e todas as novidades j\u00e1 implementadas pela Receita Federal para este ano, como a declara\u00e7\u00e3o pr\u00e9-preenchida para mitigar erros, a autarquia est\u00e1 buscando melhorar a rela\u00e7\u00e3o com os declarantes, al\u00e9m de facilitar o envio do IRPF.&nbsp; Mesmo [&hellip;]<\/p>\n","protected":false},"author":1,"featured_media":387,"comment_status":"open","ping_status":"open","sticky":false,"template":"","format":"standard","meta":[],"categories":[1],"tags":[],"_links":{"self":[{"href":"https:\/\/silvestricontabilidade.com.br\/blog\/wp-json\/wp\/v2\/posts\/384"}],"collection":[{"href":"https:\/\/silvestricontabilidade.com.br\/blog\/wp-json\/wp\/v2\/posts"}],"about":[{"href":"https:\/\/silvestricontabilidade.com.br\/blog\/wp-json\/wp\/v2\/types\/post"}],"author":[{"embeddable":true,"href":"https:\/\/silvestricontabilidade.com.br\/blog\/wp-json\/wp\/v2\/users\/1"}],"replies":[{"embeddable":true,"href":"https:\/\/silvestricontabilidade.com.br\/blog\/wp-json\/wp\/v2\/comments?post=384"}],"version-history":[{"count":2,"href":"https:\/\/silvestricontabilidade.com.br\/blog\/wp-json\/wp\/v2\/posts\/384\/revisions"}],"predecessor-version":[{"id":388,"href":"https:\/\/silvestricontabilidade.com.br\/blog\/wp-json\/wp\/v2\/posts\/384\/revisions\/388"}],"wp:featuredmedia":[{"embeddable":true,"href":"https:\/\/silvestricontabilidade.com.br\/blog\/wp-json\/wp\/v2\/media\/387"}],"wp:attachment":[{"href":"https:\/\/silvestricontabilidade.com.br\/blog\/wp-json\/wp\/v2\/media?parent=384"}],"wp:term":[{"taxonomy":"category","embeddable":true,"href":"https:\/\/silvestricontabilidade.com.br\/blog\/wp-json\/wp\/v2\/categories?post=384"},{"taxonomy":"post_tag","embeddable":true,"href":"https:\/\/silvestricontabilidade.com.br\/blog\/wp-json\/wp\/v2\/tags?post=384"}],"curies":[{"name":"wp","href":"https:\/\/api.w.org\/{rel}","templated":true}]}}