{"id":394,"date":"2023-05-02T13:58:47","date_gmt":"2023-05-02T16:58:47","guid":{"rendered":"https:\/\/silvestricontabilidade.com.br\/blog\/?p=394"},"modified":"2023-05-02T13:58:49","modified_gmt":"2023-05-02T16:58:49","slug":"confira-como-fica-a-tabela-do-imposto-de-renda-com-o-reajuste-anunciado-pelo-governo","status":"publish","type":"post","link":"https:\/\/silvestricontabilidade.com.br\/blog\/confira-como-fica-a-tabela-do-imposto-de-renda-com-o-reajuste-anunciado-pelo-governo\/","title":{"rendered":"Confira Como Fica a Tabela do Imposto de Renda Com o Reajuste Anunciado Pelo Governo"},"content":{"rendered":"\n<p>O presidente Luiz In\u00e1cio Lula da Silva anunciou no \u00faltimo domingo (30) o reajuste do sal\u00e1rio m\u00ednimo e tamb\u00e9m a isen\u00e7\u00e3o do&nbsp;<a href=\"https:\/\/www.contabeis.com.br\/tributario\/imposto-de-renda\/\">Imposto de Renda<\/a>&nbsp;(IR) para quem ganha at\u00e9 dois sal\u00e1rios m\u00ednimos, no valor de R$ 2.640, considerado o reajuste do piso para R$ 1.320.<\/p>\n\n\n\n<p>O presidente aproveitou a ocasi\u00e3o para reafirmar seu compromisso feito em campanha sobre aumentar o teto da isen\u00e7\u00e3o para R$ 5 mil at\u00e9 o fim de seu mandato, por isso os contribuintes devem aguardar novas mudan\u00e7as na tabela do IR at\u00e9 2026.<\/p>\n\n\n\n<p>Na regra anterior, vigente desde 2015, a faixa de isen\u00e7\u00e3o do IR e que foi aplicada para o Imposto de Renda Pessoa F\u00edsica&nbsp;<a href=\"https:\/\/www.contabeis.com.br\/tributario\/irpf\/\">(IRPF)<\/a>&nbsp;de 2023, referente ao ano-calend\u00e1rio de 2022, era de at\u00e9 R$ 1.903,98 por m\u00eas. Agora, estar\u00e3o isentos do IRPF 2024 aqueles que recebem at\u00e9 R$ 2.640 por m\u00eas.<\/p>\n\n\n\n<p>Com validade desde segunda-feira (1\u00ba), o patamar de isen\u00e7\u00e3o sobe para R$ 2.112 e haver\u00e1 um desconto mensal de R$ 528 direto na fonte, ou seja, do imposto que \u00e9 retido na&nbsp;<a href=\"https:\/\/www.contabeis.com.br\/trabalhista\/folha-de-pagamento\/\">folha de pagamento<\/a>&nbsp;do empregado. Dessa forma, somando os dois, a isen\u00e7\u00e3o ser\u00e1 de R$ 2.640.<\/p>\n\n\n\n<p>A medida, embora mostre um avan\u00e7o na defasagem da tabela do Imposto de Renda, ainda foi considerada \u201ct\u00edmida\u201d pelos especialistas, em compara\u00e7\u00e3o \u00e0 promessa de isen\u00e7\u00e3o de at\u00e9 R$ 5 mil. A novidade deve aliviar a situa\u00e7\u00e3o dos que t\u00eam a renda mais baixa, mas n\u00e3o desonera ainda a classe m\u00e9dia \u2013 que mais paga impostos \u2013 e ainda n\u00e3o atinge os mais ricos.<\/p>\n\n\n\n<h3 class=\"wp-block-heading\"><strong>Veja como fica a nova tabela do Imposto de Renda<\/strong><\/h3>\n\n\n\n<figure class=\"wp-block-table\"><table><tbody><tr><td><strong>Base de C\u00e1lculo (R$)<\/strong><\/td><td><strong>Al\u00edquota (%)<\/strong><\/td><td><strong>Parcela a Deduzir do IR&nbsp;<\/strong><\/td><\/tr><tr><td>At\u00e9 2.112,00<\/td><td>zero<\/td><td>zero<\/td><\/tr><tr><td>De 2.112,01 at\u00e9 2.826,65<\/td><td>7,5<\/td><td>R$ 158,40<\/td><\/tr><tr><td>De 2.826,66 at\u00e9 3.751,05<\/td><td>15<\/td><td>R$ 370,40<\/td><\/tr><tr><td>De 3.751,06 at\u00e9 4.664,68<\/td><td>22,5<\/td><td>R$ 651,73<\/td><\/tr><tr><td>Acima de 4.664,68<\/td><td>27,5<\/td><td>R$ 884,96<\/td><\/tr><\/tbody><\/table><\/figure>\n\n\n\n<h3 class=\"wp-block-heading\"><strong>C\u00e1lculo do Imposto de Renda com base nos novos valores<\/strong><\/h3>\n\n\n\n<figure class=\"wp-block-table\"><table><tbody><tr><td><strong>Renda tribut\u00e1vel mensal<\/strong><\/td><td><strong>Desconto simplificado<\/strong><\/td><td><strong>Valor a ser considerado para o c\u00e1lculo do IR<\/strong><\/td><td><strong>IRPF m\u00e1ximo<\/strong><\/td><\/tr><tr><td>R$ 2.640<\/td><td>R$ 528<\/td><td>R$ 2.112<\/td><td>R$ 0,00<\/td><\/tr><tr><td>R$ 2.700<\/td><td>R$ 528<\/td><td>R$ 2.172<\/td><td>R$ 4,50<\/td><\/tr><tr><td>R$ 3.500<\/td><td>R$ 528<\/td><td>R$ 2.972<\/td><td>R$ 75,40<\/td><\/tr><tr><td>R$ 5.000<\/td><td>R$ 528<\/td><td>R$ 4.472<\/td><td>R$ 354,47<\/td><\/tr><\/tbody><\/table><\/figure>\n\n\n\n<p>Fonte: Cont\u00e1beis<\/p>\n","protected":false},"excerpt":{"rendered":"<p>O presidente Luiz In\u00e1cio Lula da Silva anunciou no \u00faltimo domingo (30) o reajuste do sal\u00e1rio m\u00ednimo e tamb\u00e9m a isen\u00e7\u00e3o do&nbsp;Imposto de Renda&nbsp;(IR) para quem ganha at\u00e9 dois sal\u00e1rios m\u00ednimos, no valor de R$ 2.640, considerado o reajuste do piso para R$ 1.320. O presidente aproveitou a ocasi\u00e3o para reafirmar seu compromisso feito em [&hellip;]<\/p>\n","protected":false},"author":1,"featured_media":395,"comment_status":"open","ping_status":"open","sticky":false,"template":"","format":"standard","meta":[],"categories":[1],"tags":[],"_links":{"self":[{"href":"https:\/\/silvestricontabilidade.com.br\/blog\/wp-json\/wp\/v2\/posts\/394"}],"collection":[{"href":"https:\/\/silvestricontabilidade.com.br\/blog\/wp-json\/wp\/v2\/posts"}],"about":[{"href":"https:\/\/silvestricontabilidade.com.br\/blog\/wp-json\/wp\/v2\/types\/post"}],"author":[{"embeddable":true,"href":"https:\/\/silvestricontabilidade.com.br\/blog\/wp-json\/wp\/v2\/users\/1"}],"replies":[{"embeddable":true,"href":"https:\/\/silvestricontabilidade.com.br\/blog\/wp-json\/wp\/v2\/comments?post=394"}],"version-history":[{"count":1,"href":"https:\/\/silvestricontabilidade.com.br\/blog\/wp-json\/wp\/v2\/posts\/394\/revisions"}],"predecessor-version":[{"id":396,"href":"https:\/\/silvestricontabilidade.com.br\/blog\/wp-json\/wp\/v2\/posts\/394\/revisions\/396"}],"wp:featuredmedia":[{"embeddable":true,"href":"https:\/\/silvestricontabilidade.com.br\/blog\/wp-json\/wp\/v2\/media\/395"}],"wp:attachment":[{"href":"https:\/\/silvestricontabilidade.com.br\/blog\/wp-json\/wp\/v2\/media?parent=394"}],"wp:term":[{"taxonomy":"category","embeddable":true,"href":"https:\/\/silvestricontabilidade.com.br\/blog\/wp-json\/wp\/v2\/categories?post=394"},{"taxonomy":"post_tag","embeddable":true,"href":"https:\/\/silvestricontabilidade.com.br\/blog\/wp-json\/wp\/v2\/tags?post=394"}],"curies":[{"name":"wp","href":"https:\/\/api.w.org\/{rel}","templated":true}]}}